{"id":25492,"date":"2026-04-21T10:39:29","date_gmt":"2026-04-21T14:39:29","guid":{"rendered":"https:\/\/www.carrefourfga.ca\/ticfga\/16\/?p=25492"},"modified":"2026-04-21T17:29:37","modified_gmt":"2026-04-21T21:29:37","slug":"portfolio-devaluation-progressive-reposant-sur-le-concept-de-cibles-dapprentissage-fbc","status":"publish","type":"post","link":"https:\/\/www.carrefourfga.ca\/ticfga\/16\/portfolio-devaluation-progressive-reposant-sur-le-concept-de-cibles-dapprentissage-fbc\/","title":{"rendered":"Portfolio d&#8217;\u00e9valuation progressive reposant sur le concept de cibles d&#8217;apprentissage en fran\u00e7ais FBC-Alpha"},"content":{"rendered":"<p><a href=\"https:\/\/www.carrefourfga.ca\/ticfga\/16\/wp-content\/uploads\/sites\/55\/2026\/04\/Capture-decran-2026-04-21-103848.jpg\"><img fetchpriority=\"high\" decoding=\"async\" class=\"alignleft wp-image-25493 size-medium\" src=\"https:\/\/www.carrefourfga.ca\/ticfga\/16\/wp-content\/uploads\/sites\/55\/2026\/04\/Capture-decran-2026-04-21-103848-232x300.jpg\" alt=\"\" width=\"232\" height=\"300\" \/><\/a><\/p>\n<p>&nbsp;<\/p>\n<p>&nbsp;<\/p>\n<p>Ce projet de portfolio d&#8217;\u00e9valuation progressive reposant sur le concept de cibles d&#8217;apprentissage en fran\u00e7ais FBC-Alpha a \u00e9t\u00e9 cr\u00e9\u00e9 par Nancy B\u00e9land et Marilyn Leblanc, enseignantes au C\u00c9A Saint-Hyacinthe-Acton. Il a \u00e9t\u00e9 r\u00e9alis\u00e9 dans le cadre de l&#8217;Appel de projets Mont\u00e9r\u00e9gie-Estrie 2024-2025.<\/p>\n<p>Documents du projet:<\/p>\n<ul>\n<li><a href=\"https:\/\/fgamonteregie-my.sharepoint.com\/:f:\/g\/personal\/partage_fgamonteregie_qc_ca\/IgBrtWwX1TjPS4CYHqC-eL-dAR6nhGfXUJ0xxc456ic2m4w?e=Nzhbiv\">Grilles d&#8217;\u00e9valuation<\/a><\/li>\n<li><a href=\"https:\/\/fgamonteregie-my.sharepoint.com\/:f:\/g\/personal\/partage_fgamonteregie_qc_ca\/IgDG50kr7LeZTLvovqyUAnJqAaBg0tksAMlIb0PI4RmoORY?e=HffTcV\">Mots (vocabulaire et orthographe)<\/a><\/li>\n<li><a href=\"https:\/\/fgamonteregie-my.sharepoint.com\/:w:\/g\/personal\/partage_fgamonteregie_qc_ca\/IQAyy5LdYhCORZEwAC91P8f0AfVh5AQMNOU06Wq_OqHGnzk?e=32Tmoq\">Portfolio d&#8217;\u00e9valuation Alpha \u2013 Document d&#8217;accompagnement (docx)<\/a><\/li>\n<li><a href=\"https:\/\/fgamonteregie-my.sharepoint.com\/:b:\/g\/personal\/partage_fgamonteregie_qc_ca\/IQCOJnXbuIn9QJAFB436D9BiAc6TYanhAHpCsZCqULEHnQs?e=9FOiH3\">Portfolio d&#8217;\u00e9valuation Alpha \u2013 Document d&#8217;accompagnement (pdf)<\/a><\/li>\n<\/ul>\n","protected":false},"excerpt":{"rendered":"<p>&nbsp; &nbsp; Ce projet de portfolio d&#8217;\u00e9valuation progressive reposant sur le concept de cibles d&#8217;apprentissage en fran\u00e7ais FBC-Alpha a \u00e9t\u00e9 cr\u00e9\u00e9 par Nancy B\u00e9land et Marilyn Leblanc, enseignantes au C\u00c9A Saint-Hyacinthe-Acton. Il a \u00e9t\u00e9 r\u00e9alis\u00e9 dans le cadre de l&#8217;Appel de projets Mont\u00e9r\u00e9gie-Estrie 2024-2025. Documents du projet: Grilles d&#8217;\u00e9valuation Mots (vocabulaire et orthographe) Portfolio d&#8217;\u00e9valuation [&hellip;]<\/p>\n","protected":false},"author":20,"featured_media":0,"comment_status":"closed","ping_status":"open","sticky":false,"template":"","format":"standard","meta":{"footnotes":""},"categories":[1,104],"tags":[],"class_list":["post-25492","post","type-post","status-publish","format-standard","hentry","category-non-classe","category-projets-de-la-monteregie"],"rttpg_featured_image_url":null,"rttpg_author":{"display_name":"Laurent Demers","author_link":"https:\/\/www.carrefourfga.ca\/ticfga\/16\/author\/ldemers\/"},"rttpg_comment":0,"rttpg_category":"<a href=\"https:\/\/www.carrefourfga.ca\/ticfga\/16\/category\/non-classe\/\" rel=\"category tag\">Non class\u00e9<\/a> <a href=\"https:\/\/www.carrefourfga.ca\/ticfga\/16\/category\/projets-de-la-monteregie\/\" rel=\"category tag\">Projets de la Mont\u00e9r\u00e9gie<\/a>","rttpg_excerpt":"&nbsp; &nbsp; Ce projet de portfolio d&#8217;\u00e9valuation progressive reposant sur le concept de cibles d&#8217;apprentissage en fran\u00e7ais FBC-Alpha a \u00e9t\u00e9 cr\u00e9\u00e9 par Nancy B\u00e9land et Marilyn Leblanc, enseignantes au C\u00c9A Saint-Hyacinthe-Acton. Il a \u00e9t\u00e9 r\u00e9alis\u00e9 dans le cadre de l&#8217;Appel de projets Mont\u00e9r\u00e9gie-Estrie 2024-2025. Documents du projet: Grilles d&#8217;\u00e9valuation Mots (vocabulaire et orthographe) Portfolio d&#8217;\u00e9valuation\u2026","_links":{"self":[{"href":"https:\/\/www.carrefourfga.ca\/ticfga\/16\/wp-json\/wp\/v2\/posts\/25492"}],"collection":[{"href":"https:\/\/www.carrefourfga.ca\/ticfga\/16\/wp-json\/wp\/v2\/posts"}],"about":[{"href":"https:\/\/www.carrefourfga.ca\/ticfga\/16\/wp-json\/wp\/v2\/types\/post"}],"author":[{"embeddable":true,"href":"https:\/\/www.carrefourfga.ca\/ticfga\/16\/wp-json\/wp\/v2\/users\/20"}],"replies":[{"embeddable":true,"href":"https:\/\/www.carrefourfga.ca\/ticfga\/16\/wp-json\/wp\/v2\/comments?post=25492"}],"version-history":[{"count":5,"href":"https:\/\/www.carrefourfga.ca\/ticfga\/16\/wp-json\/wp\/v2\/posts\/25492\/revisions"}],"predecessor-version":[{"id":25495,"href":"https:\/\/www.carrefourfga.ca\/ticfga\/16\/wp-json\/wp\/v2\/posts\/25492\/revisions\/25495"}],"wp:attachment":[{"href":"https:\/\/www.carrefourfga.ca\/ticfga\/16\/wp-json\/wp\/v2\/media?parent=25492"}],"wp:term":[{"taxonomy":"category","embeddable":true,"href":"https:\/\/www.carrefourfga.ca\/ticfga\/16\/wp-json\/wp\/v2\/categories?post=25492"},{"taxonomy":"post_tag","embeddable":true,"href":"https:\/\/www.carrefourfga.ca\/ticfga\/16\/wp-json\/wp\/v2\/tags?post=25492"}],"curies":[{"name":"wp","href":"https:\/\/api.w.org\/{rel}","templated":true}]}}