{"id":30,"date":"2017-02-09T00:00:00","date_gmt":"2017-02-09T05:00:00","guid":{"rendered":"http:\/\/www.carrefourfga.ca\/2014\/09\/09\/featured-header\/"},"modified":"2019-04-29T14:44:56","modified_gmt":"2019-04-29T19:44:56","slug":"documents-pour-le-programme-integration-sociale","status":"publish","type":"post","link":"https:\/\/www.carrefourfga.ca\/fr\/documents-pour-le-programme-integration-sociale\/","title":{"rendered":"Documents pour le programme Int\u00e9gration sociale"},"content":{"rendered":"<div class=\"wpb-content-wrapper\"><p>[vc_row][vc_column][prkwp_spacer size=\u00a0\u00bb18&Prime;][vc_column_text]<\/p>\n<p class=\"desc\"><a href=\"http:\/\/www.carrefourfga.com\/documents\/Rencontre%20nationale%2026-27%20janvier%202017.pdf\" target=\"_blank\" rel=\"noopener noreferrer\">Rencontre nationale des gestionnaires et des responsables du soutien p\u00e9dagogique (26-27 janvier 2017)<br \/>\nLes adultes vis\u00e9s par le programme d&rsquo;\u00e9tudes Int\u00e9gration sociale de la formation g\u00e9n\u00e9rale des adultes<\/a><\/p>\n<p><a href=\"http:\/\/www.carrefourfga.com\/documents\/DHS%20en%20integration%20sociale.pdf\" target=\"_blank\" rel=\"noopener noreferrer\">Cours du d\u00e9veloppement des habilet\u00e9s sp\u00e9cifiques (DHS) en int\u00e9gration sociale<\/a><\/p>\n<p>[\/vc_column_text][prkwp_spacer size=\u00a0\u00bb18&Prime;][\/vc_column][\/vc_row]<\/p>\n<\/div>","protected":false},"excerpt":{"rendered":"<p>[vc_row][vc_column][prkwp_spacer size=\u00a0\u00bb18&Prime;][vc_column_text] Rencontre nationale des gestionnaires et des responsables du soutien p\u00e9dagogique (26-27 janvier 2017) Les [&hellip;]<\/p>\n","protected":false},"author":1,"featured_media":516,"comment_status":"closed","ping_status":"open","sticky":false,"template":"","format":"standard","meta":{"footnotes":"","_links_to":"","_links_to_target":""},"categories":[90],"tags":[],"_links":{"self":[{"href":"https:\/\/www.carrefourfga.ca\/fr\/wp-json\/wp\/v2\/posts\/30"}],"collection":[{"href":"https:\/\/www.carrefourfga.ca\/fr\/wp-json\/wp\/v2\/posts"}],"about":[{"href":"https:\/\/www.carrefourfga.ca\/fr\/wp-json\/wp\/v2\/types\/post"}],"author":[{"embeddable":true,"href":"https:\/\/www.carrefourfga.ca\/fr\/wp-json\/wp\/v2\/users\/1"}],"replies":[{"embeddable":true,"href":"https:\/\/www.carrefourfga.ca\/fr\/wp-json\/wp\/v2\/comments?post=30"}],"version-history":[{"count":1,"href":"https:\/\/www.carrefourfga.ca\/fr\/wp-json\/wp\/v2\/posts\/30\/revisions"}],"predecessor-version":[{"id":7085,"href":"https:\/\/www.carrefourfga.ca\/fr\/wp-json\/wp\/v2\/posts\/30\/revisions\/7085"}],"wp:featuredmedia":[{"embeddable":true,"href":"https:\/\/www.carrefourfga.ca\/fr\/wp-json\/wp\/v2\/media\/516"}],"wp:attachment":[{"href":"https:\/\/www.carrefourfga.ca\/fr\/wp-json\/wp\/v2\/media?parent=30"}],"wp:term":[{"taxonomy":"category","embeddable":true,"href":"https:\/\/www.carrefourfga.ca\/fr\/wp-json\/wp\/v2\/categories?post=30"},{"taxonomy":"post_tag","embeddable":true,"href":"https:\/\/www.carrefourfga.ca\/fr\/wp-json\/wp\/v2\/tags?post=30"}],"curies":[{"name":"wp","href":"https:\/\/api.w.org\/{rel}","templated":true}]}}