{"id":16526,"date":"2020-01-22T14:55:56","date_gmt":"2020-01-22T14:55:56","guid":{"rendered":"http:\/\/www.carrefourfga.ca\/SARCA-DEAFP\/?post_type=spucpt&#038;p=16526"},"modified":"2020-03-03T21:36:12","modified_gmt":"2020-03-03T21:36:12","slug":"partenariat-document-sur-les-pistes-de-partenariat-entre-les-sarca-et-la-rac","status":"publish","type":"post","link":"https:\/\/www.carrefourfga.ca\/SARCA-DEAFP\/partenariat-document-sur-les-pistes-de-partenariat-entre-les-sarca-et-la-rac\/","title":{"rendered":"PARTENARIAT : Document sur les pistes de partenariat entre les SARCA et la RAC"},"content":{"rendered":"<section class=\"wpb-content-wrapper\"><div id=\"modal-ready\"><p>[vc_row css_animation=\u00a0\u00bb\u00a0\u00bb row_type=\u00a0\u00bbrow\u00a0\u00bb use_row_as_full_screen_section=\u00a0\u00bbno\u00a0\u00bb type=\u00a0\u00bbfull_width\u00a0\u00bb anchor=\u00a0\u00bbdropcaps\u00a0\u00bb angled_section=\u00a0\u00bbno\u00a0\u00bb text_align=\u00a0\u00bbleft\u00a0\u00bb background_image_as_pattern=\u00a0\u00bbwithout_pattern\u00a0\u00bb border_color=\u00a0\u00bb#eaeaea\u00a0\u00bb padding_top=\u00a0\u00bb36&Prime; padding_bottom=\u00a0\u00bb10&Prime; z_index=\u00a0\u00bb\u00a0\u00bb el_class=\u00a0\u00bbfiche_activite\u00a0\u00bb][vc_column][vc_raw_js]JTNDc2NyaXB0JTIwc3JjJTNEJTIyaHR0cHMlM0ElMkYlMkZraXQuZm9udGF3ZXNvbWUuY29tJTJGMGM5NzM3MjFhMi5qcyUyMiUyMGNyb3Nzb3JpZ2luJTNEJTIyYW5vbnltb3VzJTIyJTNFJTNDJTJGc2NyaXB0JTNF[\/vc_raw_js][vc_column_text]<\/p>\n<h4 style=\"text-align: center;\">Centre de services scolaire Harricana<\/h4>\n<h2 style=\"text-align: center;\">Pistes de partenariat entre les SARCA et les services de RAC<\/h2>\n<p>[\/vc_column_text][vc_separator type=\u00a0\u00bbsmall\u00a0\u00bb position=\u00a0\u00bbcenter\u00a0\u00bb color=\u00a0\u00bb#dd9933&Prime; up=\u00a0\u00bb5&Prime; down=\u00a0\u00bb5&Prime;][vc_column_text]<\/p>\n<h5 style=\"text-align: center;\"><span style=\"color: #777777;\">PARTENARIAT<\/span><\/h5>\n<p>[\/vc_column_text][vc_separator type=\u00a0\u00bbtransparent\u00a0\u00bb up=\u00a0\u00bb5&Prime; down=\u00a0\u00bb5&Prime;][vc_row_inner row_type=\u00a0\u00bbrow\u00a0\u00bb type=\u00a0\u00bbfull_width\u00a0\u00bb text_align=\u00a0\u00bbleft\u00a0\u00bb css_animation=\u00a0\u00bb\u00a0\u00bb][vc_column_inner][\/vc_column_inner][\/vc_row_inner][vc_separator type=\u00a0\u00bbtransparent\u00a0\u00bb up=\u00a0\u00bb5&Prime; down=\u00a0\u00bb5&Prime;][vc_row_inner row_type=\u00a0\u00bbrow\u00a0\u00bb type=\u00a0\u00bbfull_width\u00a0\u00bb text_align=\u00a0\u00bbleft\u00a0\u00bb css_animation=\u00a0\u00bb\u00a0\u00bb el_class=\u00a0\u00bbq_toolbar_dropcaps\u00a0\u00bb][vc_column_inner width=\u00a0\u00bb1\/2&Prime;][vc_column_text]<\/p>\n<p style=\"text-align: justify;\">R\u00e9dig\u00e9 par le CERAC du Centre de services scolaire Harricana, ce document a pour objectif\u00a0de proposer des pistes de partenariat entre les SARCA et les services de RAC. Plus\u00a0pr\u00e9cis\u00e9ment, les services sont d\u2019abord d\u00e9crits. Par la suite, diff\u00e9rentes pistes de\u00a0collaboration sont propos\u00e9es, incluant un mod\u00e8le collaboratif d\u2019organisation des services.<\/p>\n<p>[\/vc_column_text][vc_separator type=\u00a0\u00bbtransparent\u00a0\u00bb up=\u00a0\u00bb10&Prime; down=\u00a0\u00bb10&Prime;][vc_separator type=\u00a0\u00bbtransparent\u00a0\u00bb up=\u00a0\u00bb5&Prime; down=\u00a0\u00bb5&Prime;][vc_column_text]<\/p>\n<h4 style=\"text-align: left;\"><strong>PERSONNE RESPONSABLE<\/strong><\/h4>\n<p>Liane Levasseur,<br \/>\nagente de d\u00e9veloppement[\/vc_column_text][vc_separator type=\u00a0\u00bbtransparent\u00a0\u00bb up=\u00a0\u00bb5&Prime; down=\u00a0\u00bb5&Prime;][vc_column_text]<\/p>\n<h4 style=\"text-align: left;\"><strong>ANN\u00c9E DE PRODUCTION<\/strong><\/h4>\n<p>2016-2017[\/vc_column_text][\/vc_column_inner][vc_column_inner width=\u00a0\u00bb1\/2&Prime;][vc_column_text]<\/p>\n<h4 style=\"text-align: left;\"><strong>OBJECTIFS VIS\u00c9S<\/strong><\/h4>\n<p>[\/vc_column_text][vc_separator type=\u00a0\u00bbsmall\u00a0\u00bb position=\u00a0\u00bbleft\u00a0\u00bb color=\u00a0\u00bb#dd9933&Prime; up=\u00a0\u00bb5&Prime; down=\u00a0\u00bb15&Prime;][vc_column_text]<\/p>\n<h4>POUR L\u2019ADULTE<\/h4>\n<p>Permet de recevoir un service plus fluide, notamment au niveau de la\u00a0r\u00e9f\u00e9rence entre les deux services.[\/vc_column_text][vc_separator type=\u00a0\u00bbtransparent\u00a0\u00bb up=\u00a0\u00bb5&Prime; down=\u00a0\u00bb5&Prime;][vc_column_text]<\/p>\n<h4>POUR L\u2019ORGANISATION SCOLAIRE<\/h4>\n<p>La mise en commun des expertises, des\u00a0savoir-faire et des id\u00e9es permet d\u2019ajouter de la valeur aux services puisqu\u2019elle devrait\u00a0favoriser l\u2019accessibilit\u00e9, la compl\u00e9mentarit\u00e9 et la continuit\u00e9 des services offerts \u00e0\u00a0l\u2019adulte.[\/vc_column_text][vc_separator type=\u00a0\u00bbtransparent\u00a0\u00bb up=\u00a0\u00bb5&Prime; down=\u00a0\u00bb5&Prime;][vc_column_text]<\/p>\n<h4>POUR LE PERSONNEL SCOLAIRE<\/h4>\n<p>Par leur nature, les partenariats peuvent\u00a0encourager, am\u00e9liorer ou accro\u00eetre la communication. Le partenariat demande du temps de<br \/>\nconcertation et d\u2019\u00e9change.[\/vc_column_text][vc_separator type=\u00a0\u00bbtransparent\u00a0\u00bb up=\u00a0\u00bb10&Prime; down=\u00a0\u00bb10&Prime;][vc_column_text]<\/p>\n<h4 style=\"text-align: left;\"><strong>MAT\u00c9RIEL D\u00c9VELOPP\u00c9<\/strong><\/h4>\n<p>Document[\/vc_column_text][vc_separator type=\u00a0\u00bbtransparent\u00a0\u00bb up=\u00a0\u00bb5&Prime; down=\u00a0\u00bb5&Prime;][vc_column_text]<\/p>\n<h4 style=\"text-align: left;\"><strong>DOCUMENT<\/strong><\/h4>\n<ul>\n<li><a href=\"http:\/\/www.carrefourfga.ca\/SARCA-DEAFP\/wp-content\/uploads\/2020\/02\/Pistes-de-partenariat-entre-les-services-SARCA-et-RAC_CSH.pdf\" target=\"_blank\" rel=\"noopener\">Pistes de partenariat entre les services<br \/>\nSARCA et RAC_CSH <i class=\"fas fa-file-pdf\"><\/i><\/a><\/li>\n<\/ul>\n<p>[\/vc_column_text][\/vc_column_inner][\/vc_row_inner][\/vc_column][\/vc_row][vc_row css_animation=\u00a0\u00bb\u00a0\u00bb row_type=\u00a0\u00bbrow\u00a0\u00bb use_row_as_full_screen_section=\u00a0\u00bbno\u00a0\u00bb type=\u00a0\u00bbfull_width\u00a0\u00bb anchor=\u00a0\u00bbdropcaps\u00a0\u00bb angled_section=\u00a0\u00bbno\u00a0\u00bb text_align=\u00a0\u00bbleft\u00a0\u00bb background_image_as_pattern=\u00a0\u00bbwithout_pattern\u00a0\u00bb padding_top=\u00a0\u00bb5&Prime; padding_bottom=\u00a0\u00bb5&Prime; z_index=\u00a0\u00bb\u00a0\u00bb el_class=\u00a0\u00bbfiche_activite\u00a0\u00bb][vc_column][vc_separator type=\u00a0\u00bbtransparent\u00a0\u00bb up=\u00a0\u00bb5&Prime; down=\u00a0\u00bb5&Prime;][vc_column_text]<\/p>\n<h6 style=\"text-align: center;\">Date de d\u00e9p\u00f4t : 19-06-2017<\/h6>\n<h6 style=\"text-align: center;\">Il est \u00e0 noter qu\u2019il est de la responsabilit\u00e9 du centre de services scolaire de veiller aux droits d\u2019auteur quant\u00a0au contenu, \u00e0 l\u2019utilisation et \u00e0 la reproduction de cette activit\u00e9 et du mat\u00e9riel qui s\u2019y rattache.<\/h6>\n<p>[\/vc_column_text][\/vc_column][\/vc_row]<\/p>\n<\/div><\/section>","protected":false},"excerpt":{"rendered":"<p>[vc_row css_animation=\u00a0\u00bb\u00a0\u00bb row_type=\u00a0\u00bbrow\u00a0\u00bb use_row_as_full_screen_section=\u00a0\u00bbno\u00a0\u00bb type=\u00a0\u00bbfull_width\u00a0\u00bb anchor=\u00a0\u00bbdropcaps\u00a0\u00bb angled_section=\u00a0\u00bbno\u00a0\u00bb text_align=\u00a0\u00bbleft\u00a0\u00bb background_image_as_pattern=\u00a0\u00bbwithout_pattern\u00a0\u00bb border_color=\u00a0\u00bb#eaeaea\u00a0\u00bb padding_top=\u00a0\u00bb36&Prime; padding_bottom=\u00a0\u00bb10&Prime; z_index=\u00a0\u00bb\u00a0\u00bb el_class=\u00a0\u00bbfiche_activite\u00a0\u00bb][vc_column][vc_raw_js]JTNDc2NyaXB0JTIwc3JjJTNEJTIyaHR0cHMlM0ElMkYlMkZraXQuZm9udGF3ZXNvbWUuY29tJTJGMGM5NzM3MjFhMi5qcyUyMiUyMGNyb3Nzb3JpZ2luJTNEJTIyYW5vbnltb3VzJTIyJTNFJTNDJTJGc2NyaXB0JTNF[\/vc_raw_js][vc_column_text] Centre de services scolaire Harricana Pistes de partenariat entre les SARCA et les services de RAC [\/vc_column_text][vc_separator type=\u00a0\u00bbsmall\u00a0\u00bb position=\u00a0\u00bbcenter\u00a0\u00bb color=\u00a0\u00bb#dd9933&Prime; up=\u00a0\u00bb5&Prime; down=\u00a0\u00bb5&Prime;][vc_column_text] PARTENARIAT [\/vc_column_text][vc_separator type=\u00a0\u00bbtransparent\u00a0\u00bb up=\u00a0\u00bb5&Prime; down=\u00a0\u00bb5&Prime;][vc_row_inner row_type=\u00a0\u00bbrow\u00a0\u00bb type=\u00a0\u00bbfull_width\u00a0\u00bb text_align=\u00a0\u00bbleft\u00a0\u00bb css_animation=\u00a0\u00bb\u00a0\u00bb][vc_column_inner][\/vc_column_inner][\/vc_row_inner][vc_separator&#8230;<\/p>\n","protected":false},"author":1,"featured_media":0,"comment_status":"closed","ping_status":"closed","sticky":false,"template":"","format":"standard","meta":{"om_disable_all_campaigns":false,"_monsterinsights_skip_tracking":false,"_monsterinsights_sitenote_active":false,"_monsterinsights_sitenote_note":"","_monsterinsights_sitenote_category":0,"footnotes":"","_links_to":"","_links_to_target":""},"categories":[1],"tags":[],"_links":{"self":[{"href":"https:\/\/www.carrefourfga.ca\/SARCA-DEAFP\/wp-json\/wp\/v2\/posts\/16526"}],"collection":[{"href":"https:\/\/www.carrefourfga.ca\/SARCA-DEAFP\/wp-json\/wp\/v2\/posts"}],"about":[{"href":"https:\/\/www.carrefourfga.ca\/SARCA-DEAFP\/wp-json\/wp\/v2\/types\/post"}],"author":[{"embeddable":true,"href":"https:\/\/www.carrefourfga.ca\/SARCA-DEAFP\/wp-json\/wp\/v2\/users\/1"}],"replies":[{"embeddable":true,"href":"https:\/\/www.carrefourfga.ca\/SARCA-DEAFP\/wp-json\/wp\/v2\/comments?post=16526"}],"version-history":[{"count":3,"href":"https:\/\/www.carrefourfga.ca\/SARCA-DEAFP\/wp-json\/wp\/v2\/posts\/16526\/revisions"}],"predecessor-version":[{"id":16750,"href":"https:\/\/www.carrefourfga.ca\/SARCA-DEAFP\/wp-json\/wp\/v2\/posts\/16526\/revisions\/16750"}],"wp:attachment":[{"href":"https:\/\/www.carrefourfga.ca\/SARCA-DEAFP\/wp-json\/wp\/v2\/media?parent=16526"}],"wp:term":[{"taxonomy":"category","embeddable":true,"href":"https:\/\/www.carrefourfga.ca\/SARCA-DEAFP\/wp-json\/wp\/v2\/categories?post=16526"},{"taxonomy":"post_tag","embeddable":true,"href":"https:\/\/www.carrefourfga.ca\/SARCA-DEAFP\/wp-json\/wp\/v2\/tags?post=16526"}],"curies":[{"name":"wp","href":"https:\/\/api.w.org\/{rel}","templated":true}]}}