{"id":16246,"date":"2019-10-10T17:55:17","date_gmt":"2019-10-10T17:55:17","guid":{"rendered":"http:\/\/www.carrefourfga.ca\/SARCA-DEAFP\/?post_type=spucpt&#038;p=16246"},"modified":"2020-03-03T21:36:14","modified_gmt":"2020-03-03T21:36:14","slug":"cs-des-bois-francs","status":"publish","type":"post","link":"https:\/\/www.carrefourfga.ca\/SARCA-DEAFP\/cs-des-bois-francs\/","title":{"rendered":"CSS des Bois-Francs"},"content":{"rendered":"<section class=\"wpb-content-wrapper\"><div id=\"modal-ready\"><p>[vc_row css_animation=\u00a0\u00bb\u00a0\u00bb row_type=\u00a0\u00bbrow\u00a0\u00bb use_row_as_full_screen_section=\u00a0\u00bbno\u00a0\u00bb type=\u00a0\u00bbfull_width\u00a0\u00bb angled_section=\u00a0\u00bbno\u00a0\u00bb text_align=\u00a0\u00bbleft\u00a0\u00bb background_image_as_pattern=\u00a0\u00bbwithout_pattern\u00a0\u00bb el_class=\u00a0\u00bbfiche_cs\u00a0\u00bb z_index=\u00a0\u00bb\u00a0\u00bb][vc_column][qode_elements_holder number_of_columns=\u00a0\u00bbone_column\u00a0\u00bb][qode_elements_holder_item item_padding=\u00a0\u00bb15px\u00a0\u00bb vertical_alignment=\u00a0\u00bbmiddle\u00a0\u00bb horizontal_alignment=\u00a0\u00bbleft\u00a0\u00bb advanced_animations=\u00a0\u00bbno\u00a0\u00bb custom_class=\u00a0\u00bbeh-with-shadow\u00a0\u00bb][vc_column_text]<\/p>\n<h1 style=\"text-align: center;\">CENTRE DE SERVICES SCOLAIRE DES BOIS-FRANCS<\/h1>\n<p>[\/vc_column_text][vc_empty_space height=\u00a0\u00bb30px\u00a0\u00bb][vc_row_inner row_type=\u00a0\u00bbrow\u00a0\u00bb type=\u00a0\u00bbfull_width\u00a0\u00bb text_align=\u00a0\u00bbleft\u00a0\u00bb padding_top=\u00a0\u00bb15&Prime; padding_bottom=\u00a0\u00bb15&Prime; css_animation=\u00a0\u00bb\u00a0\u00bb css=\u00a0\u00bb.vc_custom_1570469874690{padding-top: 15px !important;padding-right: 15px !important;padding-bottom: 15px !important;padding-left: 15px !important;}\u00a0\u00bb][vc_column_inner width=\u00a0\u00bb1\/6&Prime;]<span data-type=\"circle\"   class=\"qode_icon_shortcode fa-stack q_font_awsome_icon_stack fa-2x pull-center \" style=\" \"><i class=\"fa fa-circle fa-stack-base fa-stack-2x\" style=\"\"><\/i><i class=\"qode_icon_font_awesome fa fa-map-marker qode_icon_element fa-stack-1x\" style=\"color: #dd9933;\" ><\/i><\/span>[\/vc_column_inner][vc_column_inner width=\u00a0\u00bb5\/6&Prime;][vc_column_text]<\/p>\n<h4>Adresse<\/h4>\n<p>[\/vc_column_text][vc_empty_space height=\u00a0\u00bb8px\u00a0\u00bb][vc_column_text]40, boulevard des Bois-Francs Nord<br \/>\nVictoriaville (Qu\u00e9bec) G6P 6E5<\/p>\n<p><i class=\"fa fa-phone\"><\/i>\u00a0819 758-5761<br \/>\nSite SARCA :\u00a0<a href=\"http:\/\/www.csbf.qc.ca\/services\/retour-aux-etudes\/\" target=\"_blank\" rel=\"noopener\">http:\/\/www.csbf.qc.ca\/services<\/a>[\/vc_column_text][\/vc_column_inner][\/vc_row_inner][vc_row_inner row_type=\u00a0\u00bbrow\u00a0\u00bb type=\u00a0\u00bbfull_width\u00a0\u00bb text_align=\u00a0\u00bbleft\u00a0\u00bb background_color=\u00a0\u00bbrgba(0,0,0,0.05)\u00a0\u00bb padding_top=\u00a0\u00bb15&Prime; padding_bottom=\u00a0\u00bb15&Prime; css_animation=\u00a0\u00bb\u00a0\u00bb css=\u00a0\u00bb.vc_custom_1570469884051{padding-top: 15px !important;padding-right: 15px !important;padding-bottom: 15px !important;padding-left: 15px !important;}\u00a0\u00bb][vc_column_inner width=\u00a0\u00bb1\/6&Prime;]<span data-type=\"circle\"   class=\"qode_icon_shortcode fa-stack q_font_awsome_icon_stack fa-2x pull-center \" style=\" \"><i class=\"fa fa-circle fa-stack-base fa-stack-2x\" style=\"\"><\/i><i class=\"qode_icon_font_awesome fa fa-user qode_icon_element fa-stack-1x\" style=\"color: #dd9933;\" ><\/i><\/span>[\/vc_column_inner][vc_column_inner width=\u00a0\u00bb5\/6&Prime;][vc_column_text]<\/p>\n<h4 style=\"text-align: left;\">Personne contact<\/h4>\n<p>[\/vc_column_text][vc_empty_space height=\u00a0\u00bb8px\u00a0\u00bb][vc_column_text]<i class=\"fa fa-user-circle\"><\/i>\u00a0<strong>Madame C\u00e9line Renaud<br \/>\n<i class=\"fa fa-at\"><\/i>\u00a0<\/strong><a href=\"mailto:CRenaud@csbf.qc.ca\" target=\"_blank\" rel=\"noopener\">CRenaud@csbf.qc.ca<\/a><br \/>\n<i class=\"fa fa-phone\"><\/i>\u00a0819 357-2116, poste 31601<\/p>\n<p>Directrice des centres d\u2019\u00e9ducation aux adultes et du SARCA[\/vc_column_text][\/vc_column_inner][\/vc_row_inner][vc_row_inner row_type=\u00a0\u00bbrow\u00a0\u00bb type=\u00a0\u00bbfull_width\u00a0\u00bb text_align=\u00a0\u00bbleft\u00a0\u00bb padding_top=\u00a0\u00bb15&Prime; padding_bottom=\u00a0\u00bb15&Prime; css_animation=\u00a0\u00bb\u00a0\u00bb css=\u00a0\u00bb.vc_custom_1570469891698{padding-top: 15px !important;padding-right: 15px !important;padding-bottom: 15px !important;padding-left: 15px !important;}\u00a0\u00bb][vc_column_inner width=\u00a0\u00bb1\/6&Prime;]<span data-type=\"circle\"   class=\"qode_icon_shortcode fa-stack q_font_awsome_icon_stack fa-2x pull-center \" style=\" \"><i class=\"fa fa-circle fa-stack-base fa-stack-2x\" style=\"\"><\/i><i class=\"qode_icon_font_awesome fa fa-object-group qode_icon_element fa-stack-1x\" style=\"color: #dd9933;\" ><\/i><\/span>[\/vc_column_inner][vc_column_inner width=\u00a0\u00bb5\/6&Prime;][vc_column_text]<\/p>\n<h4>Organisation de l\u2019offre des services<\/h4>\n<p>[\/vc_column_text][vc_empty_space height=\u00a0\u00bb8px\u00a0\u00bb][vc_column_text]Les SARCA des Bois-Francs sont\u00a0centralis\u00e9s \u00e0 Victoriaville et\u00a0constitu\u00e9s d\u2019une \u00e9quipe de quatre\u00a0conseill\u00e8res d\u2019orientation, d\u2019un\u00a0conseiller en formation et de trois\u00a0secr\u00e9taires.<\/p>\n<p>De plus, deux des conseill\u00e8res\u00a0travaillent \u00e0 temps partiel dans les\u00a0deux centres d\u2019\u00e9ducation des adultes\u00a0dont un correspond \u00e0 un 2e point de\u00a0service SARCA.<\/p>\n<p>Outre l\u2019orientation professionnelle, les\u00a0membres de l\u2019\u00e9quipe offrent la\u00a0reconnaissance des acquis et des\u00a0comp\u00e9tences, l\u2019analyse de la\u00a0situation scolaire, l\u2019inscription en FGA\u00a0et en FP, les demandes de Pr\u00eats et\u00a0bourses et assument la relance des\u00a016-24 ans et la relance en FP.<\/p>\n<p>Un Mini-Salon de la formation\u00a0professionnelle est organis\u00e9\u00a0annuellement pour les \u00e9coles\u00a0primaires et des activit\u00e9s de\u00a0proactivit\u00e9 ont lieu tout au long de\u00a0l\u2019ann\u00e9e avec les partenaires de la\u00a0communaut\u00e9 dont la \u00abSemaine des\u00a0SARCA\u00bb en octobre.[\/vc_column_text][\/vc_column_inner][\/vc_row_inner][vc_row_inner row_type=\u00a0\u00bbrow\u00a0\u00bb type=\u00a0\u00bbfull_width\u00a0\u00bb text_align=\u00a0\u00bbleft\u00a0\u00bb background_color=\u00a0\u00bbrgba(0,0,0,0.05)\u00a0\u00bb padding_top=\u00a0\u00bb15&Prime; padding_bottom=\u00a0\u00bb15&Prime; css_animation=\u00a0\u00bb\u00a0\u00bb css=\u00a0\u00bb.vc_custom_1570469893631{padding-top: 15px !important;padding-right: 15px !important;padding-bottom: 15px !important;padding-left: 15px !important;}\u00a0\u00bb][vc_column_inner width=\u00a0\u00bb1\/6&Prime;]<span data-type=\"circle\"   class=\"qode_icon_shortcode fa-stack q_font_awsome_icon_stack fa-2x pull-center \" style=\" \"><i class=\"fa fa-circle fa-stack-base fa-stack-2x\" style=\"\"><\/i><i class=\"qode_icon_font_awesome fa fa-plane qode_icon_element fa-stack-1x\" style=\"color: #dd9933;\" ><\/i><\/span>[\/vc_column_inner][vc_column_inner width=\u00a0\u00bb5\/6&Prime;][vc_column_text]<\/p>\n<h4 style=\"text-align: left;\">Points de service<\/h4>\n<p>[\/vc_column_text][vc_empty_space height=\u00a0\u00bb8px\u00a0\u00bb][vc_column_text]<strong>Centre de formation g\u00e9n\u00e9rale des adultes \u2013 Centre Monseigneur-C\u00f4t\u00e9<\/strong><\/p>\n<p>Site :\u00a0<a href=\"http:\/\/centremonseigneurcote.com\/accompagnement\/\" target=\"_blank\" rel=\"noopener\">http:\/\/centremonseigneurcote.com\/accompagnement\/<\/a><\/p>\n<p><strong>Centre formation g\u00e9n\u00e9rale des adultes-Centre Andr\u00e9-Morissette<\/strong><\/p>\n<p>Site :<a href=\"http:\/\/centremonseigneurcote.com\/accompagnement\/\" target=\"_blank\" rel=\"noopener\">http:\/\/centremonseigneurcote.com\/accompagnement\/<\/a>[\/vc_column_text][\/vc_column_inner][\/vc_row_inner][vc_row_inner row_type=\u00a0\u00bbrow\u00a0\u00bb type=\u00a0\u00bbfull_width\u00a0\u00bb text_align=\u00a0\u00bbleft\u00a0\u00bb padding_top=\u00a0\u00bb15&Prime; padding_bottom=\u00a0\u00bb0&Prime; css_animation=\u00a0\u00bb\u00a0\u00bb css=\u00a0\u00bb.vc_custom_1570717620308{padding-top: 15px !important;padding-right: 15px !important;padding-bottom: 15px !important;padding-left: 15px !important;}\u00a0\u00bb][vc_column_inner width=\u00a0\u00bb1\/6&Prime;][vc_single_image image=\u00a0\u00bb51&Prime; img_size=\u00a0\u00bbfull\u00a0\u00bb qode_css_animation=\u00a0\u00bb\u00a0\u00bb][\/vc_column_inner][vc_column_inner width=\u00a0\u00bb5\/6&Prime;][vc_empty_space height=\u00a0\u00bb16px\u00a0\u00bb][vc_column_text]<\/p>\n<h4>Mettre \u00e0 jour votre profil<\/h4>\n<p>[\/vc_column_text][vc_empty_space height=\u00a0\u00bb8px\u00a0\u00bb][vc_column_text]<\/p>\n<h2><a href=\"http:\/\/www.carrefourfga.ca\/SARCA-DEAFP\/fr\/nous-joindre\/\">Nous joindre<\/a><\/h2>\n<p>[\/vc_column_text][\/vc_column_inner][\/vc_row_inner][\/qode_elements_holder_item][\/qode_elements_holder][vc_separator type=\u00a0\u00bbtransparent\u00a0\u00bb][\/vc_column][\/vc_row]<\/p>\n<\/div><\/section>","protected":false},"excerpt":{"rendered":"<p>[vc_row css_animation=\u00a0\u00bb\u00a0\u00bb row_type=\u00a0\u00bbrow\u00a0\u00bb use_row_as_full_screen_section=\u00a0\u00bbno\u00a0\u00bb type=\u00a0\u00bbfull_width\u00a0\u00bb angled_section=\u00a0\u00bbno\u00a0\u00bb text_align=\u00a0\u00bbleft\u00a0\u00bb background_image_as_pattern=\u00a0\u00bbwithout_pattern\u00a0\u00bb el_class=\u00a0\u00bbfiche_cs\u00a0\u00bb z_index=\u00a0\u00bb\u00a0\u00bb][vc_column][qode_elements_holder number_of_columns=\u00a0\u00bbone_column\u00a0\u00bb][qode_elements_holder_item item_padding=\u00a0\u00bb15px\u00a0\u00bb vertical_alignment=\u00a0\u00bbmiddle\u00a0\u00bb horizontal_alignment=\u00a0\u00bbleft\u00a0\u00bb advanced_animations=\u00a0\u00bbno\u00a0\u00bb custom_class=\u00a0\u00bbeh-with-shadow\u00a0\u00bb][vc_column_text] CENTRE DE SERVICES SCOLAIRE DES BOIS-FRANCS [\/vc_column_text][vc_empty_space height=\u00a0\u00bb30px\u00a0\u00bb][vc_row_inner row_type=\u00a0\u00bbrow\u00a0\u00bb type=\u00a0\u00bbfull_width\u00a0\u00bb text_align=\u00a0\u00bbleft\u00a0\u00bb padding_top=\u00a0\u00bb15&Prime; padding_bottom=\u00a0\u00bb15&Prime; css_animation=\u00a0\u00bb\u00a0\u00bb css=\u00a0\u00bb.vc_custom_1570469874690{padding-top: 15px !important;padding-right: 15px !important;padding-bottom: 15px !important;padding-left: 15px !important;}\u00a0\u00bb][vc_column_inner width=\u00a0\u00bb1\/6&Prime;][\/vc_column_inner][vc_column_inner width=\u00a0\u00bb5\/6&Prime;][vc_column_text] Adresse [\/vc_column_text][vc_empty_space height=\u00a0\u00bb8px\u00a0\u00bb][vc_column_text]40, boulevard&#8230;<\/p>\n","protected":false},"author":1,"featured_media":0,"comment_status":"closed","ping_status":"closed","sticky":false,"template":"","format":"standard","meta":{"om_disable_all_campaigns":false,"_monsterinsights_skip_tracking":false,"_monsterinsights_sitenote_active":false,"_monsterinsights_sitenote_note":"","_monsterinsights_sitenote_category":0,"footnotes":"","_links_to":"","_links_to_target":""},"categories":[1],"tags":[],"_links":{"self":[{"href":"https:\/\/www.carrefourfga.ca\/SARCA-DEAFP\/wp-json\/wp\/v2\/posts\/16246"}],"collection":[{"href":"https:\/\/www.carrefourfga.ca\/SARCA-DEAFP\/wp-json\/wp\/v2\/posts"}],"about":[{"href":"https:\/\/www.carrefourfga.ca\/SARCA-DEAFP\/wp-json\/wp\/v2\/types\/post"}],"author":[{"embeddable":true,"href":"https:\/\/www.carrefourfga.ca\/SARCA-DEAFP\/wp-json\/wp\/v2\/users\/1"}],"replies":[{"embeddable":true,"href":"https:\/\/www.carrefourfga.ca\/SARCA-DEAFP\/wp-json\/wp\/v2\/comments?post=16246"}],"version-history":[{"count":2,"href":"https:\/\/www.carrefourfga.ca\/SARCA-DEAFP\/wp-json\/wp\/v2\/posts\/16246\/revisions"}],"predecessor-version":[{"id":16773,"href":"https:\/\/www.carrefourfga.ca\/SARCA-DEAFP\/wp-json\/wp\/v2\/posts\/16246\/revisions\/16773"}],"wp:attachment":[{"href":"https:\/\/www.carrefourfga.ca\/SARCA-DEAFP\/wp-json\/wp\/v2\/media?parent=16246"}],"wp:term":[{"taxonomy":"category","embeddable":true,"href":"https:\/\/www.carrefourfga.ca\/SARCA-DEAFP\/wp-json\/wp\/v2\/categories?post=16246"},{"taxonomy":"post_tag","embeddable":true,"href":"https:\/\/www.carrefourfga.ca\/SARCA-DEAFP\/wp-json\/wp\/v2\/tags?post=16246"}],"curies":[{"name":"wp","href":"https:\/\/api.w.org\/{rel}","templated":true}]}}