{"id":16229,"date":"2019-10-10T17:50:32","date_gmt":"2019-10-10T17:50:32","guid":{"rendered":"http:\/\/www.carrefourfga.ca\/SARCA-DEAFP\/?post_type=spucpt&#038;p=16229"},"modified":"2020-03-03T21:36:15","modified_gmt":"2020-03-03T21:36:15","slug":"cs-des-laurentides","status":"publish","type":"post","link":"https:\/\/www.carrefourfga.ca\/SARCA-DEAFP\/cs-des-laurentides\/","title":{"rendered":"CSS des Laurentides"},"content":{"rendered":"<section class=\"wpb-content-wrapper\"><div id=\"modal-ready\"><p>[vc_row css_animation=\u00a0\u00bb\u00a0\u00bb row_type=\u00a0\u00bbrow\u00a0\u00bb use_row_as_full_screen_section=\u00a0\u00bbno\u00a0\u00bb type=\u00a0\u00bbfull_width\u00a0\u00bb angled_section=\u00a0\u00bbno\u00a0\u00bb text_align=\u00a0\u00bbleft\u00a0\u00bb background_image_as_pattern=\u00a0\u00bbwithout_pattern\u00a0\u00bb el_class=\u00a0\u00bbfiche_cs\u00a0\u00bb z_index=\u00a0\u00bb\u00a0\u00bb][vc_column][qode_elements_holder number_of_columns=\u00a0\u00bbone_column\u00a0\u00bb][qode_elements_holder_item item_padding=\u00a0\u00bb15px\u00a0\u00bb vertical_alignment=\u00a0\u00bbmiddle\u00a0\u00bb horizontal_alignment=\u00a0\u00bbleft\u00a0\u00bb advanced_animations=\u00a0\u00bbno\u00a0\u00bb custom_class=\u00a0\u00bbeh-with-shadow\u00a0\u00bb][vc_column_text]<\/p>\n<h1 style=\"text-align: center;\">CENTRE DE SERVICES SCOLAIRE DES LAURENTIDES<\/h1>\n<p>[\/vc_column_text][vc_empty_space height=\u00a0\u00bb30px\u00a0\u00bb][vc_row_inner row_type=\u00a0\u00bbrow\u00a0\u00bb type=\u00a0\u00bbfull_width\u00a0\u00bb text_align=\u00a0\u00bbleft\u00a0\u00bb padding_top=\u00a0\u00bb15&Prime; padding_bottom=\u00a0\u00bb15&Prime; css_animation=\u00a0\u00bb\u00a0\u00bb css=\u00a0\u00bb.vc_custom_1570469874690{padding-top: 15px !important;padding-right: 15px !important;padding-bottom: 15px !important;padding-left: 15px !important;}\u00a0\u00bb][vc_column_inner width=\u00a0\u00bb1\/6&Prime;]<span data-type=\"circle\"   class=\"qode_icon_shortcode fa-stack q_font_awsome_icon_stack fa-2x pull-center \" style=\" \"><i class=\"fa fa-circle fa-stack-base fa-stack-2x\" style=\"\"><\/i><i class=\"qode_icon_font_awesome fa fa-map-marker qode_icon_element fa-stack-1x\" style=\"color: #dd9933;\" ><\/i><\/span>[\/vc_column_inner][vc_column_inner width=\u00a0\u00bb5\/6&Prime;][vc_column_text]<\/p>\n<h4>Adresse<\/h4>\n<p>[\/vc_column_text][vc_empty_space height=\u00a0\u00bb8px\u00a0\u00bb][vc_column_text]13, rue St-Antoine<br \/>\nSainte-Agathe-des-Monts (Qu\u00e9bec) J8C 2C3<\/p>\n<p><i class=\"fa fa-phone\"><\/i>819 326-0333<br \/>\nSite SARCA :\u00a0<a href=\"http:\/\/www.cslaurentides.qc.ca\/\" target=\"_blank\" rel=\"noopener\">http:\/\/www.cslaurentides.qc.ca\/<\/a>[\/vc_column_text][\/vc_column_inner][\/vc_row_inner][vc_row_inner row_type=\u00a0\u00bbrow\u00a0\u00bb type=\u00a0\u00bbfull_width\u00a0\u00bb text_align=\u00a0\u00bbleft\u00a0\u00bb background_color=\u00a0\u00bbrgba(0,0,0,0.05)\u00a0\u00bb padding_top=\u00a0\u00bb15&Prime; padding_bottom=\u00a0\u00bb15&Prime; css_animation=\u00a0\u00bb\u00a0\u00bb css=\u00a0\u00bb.vc_custom_1570469884051{padding-top: 15px !important;padding-right: 15px !important;padding-bottom: 15px !important;padding-left: 15px !important;}\u00a0\u00bb][vc_column_inner width=\u00a0\u00bb1\/6&Prime;]<span data-type=\"circle\"   class=\"qode_icon_shortcode fa-stack q_font_awsome_icon_stack fa-2x pull-center \" style=\" \"><i class=\"fa fa-circle fa-stack-base fa-stack-2x\" style=\"\"><\/i><i class=\"qode_icon_font_awesome fa fa-user qode_icon_element fa-stack-1x\" style=\"color: #dd9933;\" ><\/i><\/span>[\/vc_column_inner][vc_column_inner width=\u00a0\u00bb5\/6&Prime;][vc_column_text]<\/p>\n<h4 style=\"text-align: left;\">Personne contact<\/h4>\n<p>[\/vc_column_text][vc_empty_space height=\u00a0\u00bb8px\u00a0\u00bb][vc_column_text]<i class=\"fa fa-user-circle\"><\/i>\u00a0<strong>Madame Brigitte Lieutenant<br \/>\n<i class=\"fa fa-at\"><\/i>\u00a0<\/strong><a href=\"mailto:sarca@cslaurentides.qc.ca\" target=\"_blank\" rel=\"noopener\">sarca@cslaurentides.qc.ca<\/a><br \/>\n<i class=\"fa fa-phone\"><\/i>\u00a0819 425-2710, poste 4636 ou 450 240-6221, poste 4636 ou 819 326-0333, poste 4636<\/p>\n<p>Conseill\u00e8re en formation scolaire[\/vc_column_text][\/vc_column_inner][\/vc_row_inner][vc_row_inner row_type=\u00a0\u00bbrow\u00a0\u00bb type=\u00a0\u00bbfull_width\u00a0\u00bb text_align=\u00a0\u00bbleft\u00a0\u00bb padding_top=\u00a0\u00bb15&Prime; padding_bottom=\u00a0\u00bb15&Prime; css_animation=\u00a0\u00bb\u00a0\u00bb css=\u00a0\u00bb.vc_custom_1570469891698{padding-top: 15px !important;padding-right: 15px !important;padding-bottom: 15px !important;padding-left: 15px !important;}\u00a0\u00bb][vc_column_inner width=\u00a0\u00bb1\/6&Prime;]<span data-type=\"circle\"   class=\"qode_icon_shortcode fa-stack q_font_awsome_icon_stack fa-2x pull-center \" style=\" \"><i class=\"fa fa-circle fa-stack-base fa-stack-2x\" style=\"\"><\/i><i class=\"qode_icon_font_awesome fa fa-object-group qode_icon_element fa-stack-1x\" style=\"color: #dd9933;\" ><\/i><\/span>[\/vc_column_inner][vc_column_inner width=\u00a0\u00bb5\/6&Prime;][vc_column_text]<\/p>\n<h4>Organisation de l\u2019offre des services<\/h4>\n<p>[\/vc_column_text][vc_empty_space height=\u00a0\u00bb8px\u00a0\u00bb][vc_column_text]Les services SARCA sont offerts dans tous les\u00a0centres d\u2019\u00e9ducation des adultes (Les Cimes) et dans\u00a0les centres de formation professionnelle.<\/p>\n<p><strong>Porte d\u2019entr\u00e9e du service SARCA avec une\u00a0conseill\u00e8re en formation scolaire au bout du fil\u00a0(poste 4636)<\/strong><\/p>\n<ul>\n<li>Accueil de 1er et second niveau;<\/li>\n<li>Analyse du dossier scolaire;<\/li>\n<li>Tests diagnostiques;<\/li>\n<li>Information scolaire et professionnelle;<\/li>\n<li>R\u00e9f\u00e9rence vers la reconnaissance des acquis\u00a0(GEN ou bilan et choix professionnel\u00a0PER50673);<\/li>\n<li>Attestation de la Commission de la\u00a0construction du Qu\u00e9bec;<\/li>\n<li>Test de d\u00e9veloppement g\u00e9n\u00e9ral (TDG);<\/li>\n<li>Test d\u2019\u00e9quivalence de niveau de scolarit\u00e9\u00a0(TENS);<\/li>\n<li>R\u00e9f\u00e9rence aux organismes compl\u00e9mentaires.<\/li>\n<\/ul>\n<p><strong>Au Centre des Cimes (formation g\u00e9n\u00e9rale aux\u00a0adultes)<\/strong><\/p>\n<ul>\n<li>Accueil de 1er et second niveau;<\/li>\n<li>Analyse du dossier scolaire;<\/li>\n<li>Tests diagnostiques;<\/li>\n<li>Profil de formation;<\/li>\n<li>Information scolaire et cours bilan et choix\u00a0professionnel PER50673;<\/li>\n<li>Reconnaissance des acquis;<\/li>\n<li>Accompagnement vers son objectif scolaire\u00a0et\/ou professionnel;<\/li>\n<li>Cours de francisation.<\/li>\n<\/ul>\n<p><strong>Dans les centres de formation professionnelle<\/strong><\/p>\n<ul>\n<li>Accueil de 1er niveau et second niveau;<\/li>\n<li>Analyse de dossier scolaire;<\/li>\n<li>Information scolaire;<\/li>\n<li>Accompagnement dans le projet de l\u2019adulte.<\/li>\n<\/ul>\n<p>[\/vc_column_text][\/vc_column_inner][\/vc_row_inner][vc_row_inner row_type=\u00a0\u00bbrow\u00a0\u00bb type=\u00a0\u00bbfull_width\u00a0\u00bb text_align=\u00a0\u00bbleft\u00a0\u00bb background_color=\u00a0\u00bbrgba(0,0,0,0.05)\u00a0\u00bb padding_top=\u00a0\u00bb15&Prime; padding_bottom=\u00a0\u00bb15&Prime; css_animation=\u00a0\u00bb\u00a0\u00bb css=\u00a0\u00bb.vc_custom_1570469893631{padding-top: 15px !important;padding-right: 15px !important;padding-bottom: 15px !important;padding-left: 15px !important;}\u00a0\u00bb][vc_column_inner width=\u00a0\u00bb1\/6&Prime;]<span data-type=\"circle\"   class=\"qode_icon_shortcode fa-stack q_font_awsome_icon_stack fa-2x pull-center \" style=\" \"><i class=\"fa fa-circle fa-stack-base fa-stack-2x\" style=\"\"><\/i><i class=\"qode_icon_font_awesome fa fa-plane qode_icon_element fa-stack-1x\" style=\"color: #dd9933;\" ><\/i><\/span>[\/vc_column_inner][vc_column_inner width=\u00a0\u00bb5\/6&Prime;][vc_column_text]<\/p>\n<h4 style=\"text-align: left;\">Points de service<\/h4>\n<p>[\/vc_column_text][vc_empty_space height=\u00a0\u00bb8px\u00a0\u00bb][vc_column_text]<strong>Centre de formation g\u00e9n\u00e9rale des Cimes (Mont-Tremblant)<\/strong><br \/>\n<a href=\"mailto:cfgcimes.mt-tremblant@cslaurentides.qc.ca\" target=\"_blank\" rel=\"noopener\">cfgcimes.mt-tremblant@cslaurentides.qc.ca<\/a><\/p>\n<p><strong>Centre de formation g\u00e9n\u00e9rale des Cimes (Sainte-Ad\u00e8le)<\/strong><br \/>\n<a href=\"mailto:cfgcimes.ste-adele@cslaurentides.qc.ca\" target=\"_blank\" rel=\"noopener\">cfgcimes.ste-adele@cslaurentides.qc.ca<\/a><\/p>\n<p><strong>Centre de formation professionnelle des Sommets\/L\u2019Horizon (Pavillon des Sommets)<\/strong><\/p>\n<p><strong>Centre de formation professionnelle des Sommets\/L\u2019Horizon (Pavillon L\u2019Horizon)<\/strong><\/p>\n<p><strong>\u00c9cole h\u00f4teli\u00e8re des Laurentides<\/strong>[\/vc_column_text][\/vc_column_inner][\/vc_row_inner][vc_row_inner row_type=\u00a0\u00bbrow\u00a0\u00bb type=\u00a0\u00bbfull_width\u00a0\u00bb text_align=\u00a0\u00bbleft\u00a0\u00bb padding_top=\u00a0\u00bb15&Prime; padding_bottom=\u00a0\u00bb0&Prime; css_animation=\u00a0\u00bb\u00a0\u00bb css=\u00a0\u00bb.vc_custom_1570717620308{padding-top: 15px !important;padding-right: 15px !important;padding-bottom: 15px !important;padding-left: 15px !important;}\u00a0\u00bb][vc_column_inner width=\u00a0\u00bb1\/6&Prime;][vc_single_image image=\u00a0\u00bb51&Prime; img_size=\u00a0\u00bbfull\u00a0\u00bb qode_css_animation=\u00a0\u00bb\u00a0\u00bb][\/vc_column_inner][vc_column_inner width=\u00a0\u00bb5\/6&Prime;][vc_empty_space height=\u00a0\u00bb16px\u00a0\u00bb][vc_column_text]<\/p>\n<h4>Mettre \u00e0 jour votre profil<\/h4>\n<p>[\/vc_column_text][vc_empty_space height=\u00a0\u00bb8px\u00a0\u00bb][vc_column_text]<\/p>\n<h2><a href=\"http:\/\/www.carrefourfga.ca\/SARCA-DEAFP\/fr\/nous-joindre\/\">Nous joindre<\/a><\/h2>\n<p>[\/vc_column_text][\/vc_column_inner][\/vc_row_inner][\/qode_elements_holder_item][\/qode_elements_holder][vc_separator type=\u00a0\u00bbtransparent\u00a0\u00bb][\/vc_column][\/vc_row]<\/p>\n<\/div><\/section>","protected":false},"excerpt":{"rendered":"<p>[vc_row css_animation=\u00a0\u00bb\u00a0\u00bb row_type=\u00a0\u00bbrow\u00a0\u00bb use_row_as_full_screen_section=\u00a0\u00bbno\u00a0\u00bb type=\u00a0\u00bbfull_width\u00a0\u00bb angled_section=\u00a0\u00bbno\u00a0\u00bb text_align=\u00a0\u00bbleft\u00a0\u00bb background_image_as_pattern=\u00a0\u00bbwithout_pattern\u00a0\u00bb el_class=\u00a0\u00bbfiche_cs\u00a0\u00bb z_index=\u00a0\u00bb\u00a0\u00bb][vc_column][qode_elements_holder number_of_columns=\u00a0\u00bbone_column\u00a0\u00bb][qode_elements_holder_item item_padding=\u00a0\u00bb15px\u00a0\u00bb vertical_alignment=\u00a0\u00bbmiddle\u00a0\u00bb horizontal_alignment=\u00a0\u00bbleft\u00a0\u00bb advanced_animations=\u00a0\u00bbno\u00a0\u00bb custom_class=\u00a0\u00bbeh-with-shadow\u00a0\u00bb][vc_column_text] CENTRE DE SERVICES SCOLAIRE DES LAURENTIDES [\/vc_column_text][vc_empty_space height=\u00a0\u00bb30px\u00a0\u00bb][vc_row_inner row_type=\u00a0\u00bbrow\u00a0\u00bb type=\u00a0\u00bbfull_width\u00a0\u00bb text_align=\u00a0\u00bbleft\u00a0\u00bb padding_top=\u00a0\u00bb15&Prime; padding_bottom=\u00a0\u00bb15&Prime; css_animation=\u00a0\u00bb\u00a0\u00bb css=\u00a0\u00bb.vc_custom_1570469874690{padding-top: 15px !important;padding-right: 15px !important;padding-bottom: 15px !important;padding-left: 15px !important;}\u00a0\u00bb][vc_column_inner width=\u00a0\u00bb1\/6&Prime;][\/vc_column_inner][vc_column_inner width=\u00a0\u00bb5\/6&Prime;][vc_column_text] Adresse [\/vc_column_text][vc_empty_space height=\u00a0\u00bb8px\u00a0\u00bb][vc_column_text]13, rue&#8230;<\/p>\n","protected":false},"author":1,"featured_media":0,"comment_status":"closed","ping_status":"closed","sticky":false,"template":"","format":"standard","meta":{"om_disable_all_campaigns":false,"_monsterinsights_skip_tracking":false,"_monsterinsights_sitenote_active":false,"_monsterinsights_sitenote_note":"","_monsterinsights_sitenote_category":0,"footnotes":"","_links_to":"","_links_to_target":""},"categories":[1],"tags":[],"_links":{"self":[{"href":"https:\/\/www.carrefourfga.ca\/SARCA-DEAFP\/wp-json\/wp\/v2\/posts\/16229"}],"collection":[{"href":"https:\/\/www.carrefourfga.ca\/SARCA-DEAFP\/wp-json\/wp\/v2\/posts"}],"about":[{"href":"https:\/\/www.carrefourfga.ca\/SARCA-DEAFP\/wp-json\/wp\/v2\/types\/post"}],"author":[{"embeddable":true,"href":"https:\/\/www.carrefourfga.ca\/SARCA-DEAFP\/wp-json\/wp\/v2\/users\/1"}],"replies":[{"embeddable":true,"href":"https:\/\/www.carrefourfga.ca\/SARCA-DEAFP\/wp-json\/wp\/v2\/comments?post=16229"}],"version-history":[{"count":2,"href":"https:\/\/www.carrefourfga.ca\/SARCA-DEAFP\/wp-json\/wp\/v2\/posts\/16229\/revisions"}],"predecessor-version":[{"id":16789,"href":"https:\/\/www.carrefourfga.ca\/SARCA-DEAFP\/wp-json\/wp\/v2\/posts\/16229\/revisions\/16789"}],"wp:attachment":[{"href":"https:\/\/www.carrefourfga.ca\/SARCA-DEAFP\/wp-json\/wp\/v2\/media?parent=16229"}],"wp:term":[{"taxonomy":"category","embeddable":true,"href":"https:\/\/www.carrefourfga.ca\/SARCA-DEAFP\/wp-json\/wp\/v2\/categories?post=16229"},{"taxonomy":"post_tag","embeddable":true,"href":"https:\/\/www.carrefourfga.ca\/SARCA-DEAFP\/wp-json\/wp\/v2\/tags?post=16229"}],"curies":[{"name":"wp","href":"https:\/\/api.w.org\/{rel}","templated":true}]}}